{"id":5146,"date":"2022-09-02T09:00:00","date_gmt":"2022-09-02T02:00:00","guid":{"rendered":"https:\/\/sidogirimedia.com\/new\/?p=5146"},"modified":"2022-09-02T13:30:02","modified_gmt":"2022-09-02T06:30:02","slug":"siapakah-moderat-dan-radikal-itu","status":"publish","type":"post","link":"https:\/\/sidogirimedia.com\/new\/siapakah-moderat-dan-radikal-itu\/","title":{"rendered":"SIAPAKAH MODERAT DAN RADIKAL ITU (?)"},"content":{"rendered":"\n<p class=\"has-text-align-center\">\u0648\u0642\u0644 \u0644\u0644\u0645\u0624\u0645\u0646\u0627\u062a \u064a\u063a\u0636\u0636\u0646 \u0645\u0646 \u0623\u0628\u0635\u0627\u0631\u0647\u0645 \u0648\u064a\u062d\u0641\u0638\u0646 \u0641\u0631\u0648\u062c\u0647\u0646 \u0648\u0644\u0627 \u064a\u0628\u062f\u064a\u0646 \u0632\u064a\u0646\u062a\u0647\u0646 \u0625\u0644\u0627 \u0645\u0627 \u0638\u0647\u0631 \u0645\u0646\u0647\u0627 \u0648\u0644\u064a\u0636\u0631\u0628\u0646 \u0628\u062e\u0645\u0631\u0647\u0646 \u0639\u0644\u0649 \u062c\u064a\u0648\u0628\u0647\u0646<\/p>\n\n\n\n<p class=\"has-text-align-center\"><em>Katakanlah kepada wanita yang beriman: \u201cHendaklah mereka menahan pandangannya, dan kemaluannya, dan janganlah mereka menampakkan perhiasannya, kecuali yang (biasa) nampak dari padanya. Dan hendaklah mereka menutupkan kain kudung kedadanya\u2026\u201d (QS. An-Nuur : 31)<\/em><em><\/em><\/p>\n\n\n\n<p>Belakangan ini, kita sering dibingungkan oleh KALANGAN ini, kita sering dibingungkan dengan dua istilah; moderat dan radikal, seperti kasus larangan memakai niqab atau cadar bagi Muslimah Austria oleh pemerintah setempat yang terjadi beberapa bulan lalu. Mereka beralasan bahwa kebijakan ini dinilai lebih moderat. Dengan adanya larangan itu, kaum Muslimah bisa lebih bebas dari berbagai macam hinaan dan diskriminasi. Padahal, secara tidak langsung mereka sendiri telah mendiskriminasi para Muslimah dengan melarang mereka mengenakan cadar. Herannya, ketika mereka melihat para Muslimah itu menggugat pelarangan tersebut, pemerintah dan sejumlah elemen tertentu langsung menghujat \u2018mereka Islam radikal\u2019. Sebenarnya siapa yang moderat? Dan siapa yang radikal?<\/p>\n\n\n\n<p>Ketika kita mendefinisikan dua kata ini, kita akan dihadapkan pada dua kubu pemikiran; liberal dan non-liberal. Dengan mengetahui dua buah pemikiran ini maka kita akan menemukan titik perbedaannya. Dr. Hamid Fahmi Zarkasyi menjelaskan bahwa kelompok <a href=\"https:\/\/nu.or.id\/warta\/kh-ma039ruf-amin-paham-liberal-masih-ada-di-nu-zCLf0\" data-type=\"URL\" data-id=\"https:\/\/nu.or.id\/warta\/kh-ma039ruf-amin-paham-liberal-masih-ada-di-nu-zCLf0\" target=\"_blank\" rel=\"noreferrer noopener\">liberal<\/a> lebih mendahulukan konteks (situasi lingkungan) seperti yang terjadi pada kasus Austria di atas. Sedangkan non-liberal bervariasi; ada yang lebih mendahulukan teks, ada yang mendahulukan teks tapi menggunakan akal, ada yang seimbang antara konteks dan akal. (Misykat hal. 179)<\/p>\n\n\n\n<blockquote class=\"wp-block-quote has-black-color has-text-color has-medium-font-size is-layout-flow wp-block-quote-is-layout-flow\"><p><strong>Baca Juga: <a rel=\"noreferrer noopener\" href=\"https:\/\/sidogirimedia.com\/new\/mengenal-liberalisme-berawal-dari-sejarah-yang-salah\/\" data-type=\"URL\" data-id=\"https:\/\/sidogirimedia.com\/new\/mengenal-liberalisme-berawal-dari-sejarah-yang-salah\/\" target=\"_blank\">mengenal Liberalisme: Berawal Dari Sejarah Yang Salah<\/a><\/strong><\/p><\/blockquote>\n\n\n\n<p>Jika diibaratkan, pemikir yang lebih mendahulukan teks al-Quran dan meninggalkan penggunaan akal di atas adalah para organisasi-organisasi radikal yang mengatasnamakan dirinya sebagai orgainisasi Islam. Seperti pada tahun 1932, terjadi penyerangan oleh orang <a href=\"https:\/\/hidayatullah.com\/kajian\/sejarah\/read\/2022\/08\/04\/234640\/jejak-kisah-muhammadiyah-dituduh-berhaluan-wahabi.html\" data-type=\"URL\" data-id=\"https:\/\/hidayatullah.com\/kajian\/sejarah\/read\/2022\/08\/04\/234640\/jejak-kisah-muhammadiyah-dituduh-berhaluan-wahabi.html\" target=\"_blank\" rel=\"noreferrer noopener\">Wahabi<\/a> terhadap orang-orang Muslim di kota Makkah dengan alasan mereka telah kafir. Atau organisasi ISIS di Syiria yang keberadaannya justru menghancurkan orang Muslim sendiri.<\/p>\n\n\n\n<p>bagaimana dengan larangan membuka aurat yang ada di al-Quran? Mereka akan mencarikan penafsiran baru yang menurut mereka lebih sesuai dengan zaman sekarang. Dan untuk orang yang menolak keputusan ini, otomatis mereka dicap sebagai kelompok yang tidak moderat atau kelompok radikal.<\/p>\n\n\n\n<p>Sekarang, kita bandingkan jika definisi ini diambil dari sudut pandang Islam yang lebih mendahulukan teks al-Quran. Maka, sebagaimana yang dinyatakan oleh Muqtedar Khan, cendekiawan Muslim asal Canada. Ia berkata, \u201cModerat itu adalah yang berfikiran terbuka, kritis, menghormati semua orang , bermoral, beramar makruf nahi mungkar.\u201d Hal ini senada dengan surah Ali Imran ayat 110 \u201cKamu adalah umat yang terbaik yang dilahirkan untuk manusia, menyuruh kepada yang makruf, dan mencegah dari yang mungkar, dan beriman kepada Allah.\u201d Dengan begitu, kita akan memiliki pandangan bahwa yang moderat adalah mereka yang membiarkan Muslimah memakai jilbab. Karena, moderat dalam pandangan ulama Ahlusunah adalah mereka yang membiarkan orang-orang Muslim menerapkan syariat. Dan yang radikal adalah mereka yang melakukan pelarangan tanpa pengesahan dari syariat.<\/p>\n\n\n\n<blockquote class=\"wp-block-quote has-black-color has-text-color has-medium-font-size is-layout-flow wp-block-quote-is-layout-flow\"><p><strong>Baca Juga: <a rel=\"noreferrer noopener\" href=\"https:\/\/sidogirimedia.com\/new\/ahlusunah-dan-dinamika-perbedaan\/\" data-type=\"URL\" data-id=\"https:\/\/sidogirimedia.com\/new\/ahlusunah-dan-dinamika-perbedaan\/\" target=\"_blank\">Ahlusunnah Dan Dinamika Perbedaan<\/a><\/strong><\/p><\/blockquote>\n\n\n\n<p>Hal ini senada dengan definisi radikal (tatharruf) versi <a href=\"https:\/\/nu.or.id\/opini\/cendekiawan-muslim-antara-teori-dan-tindakan-praksis-tre45\" data-type=\"URL\" data-id=\"https:\/\/nu.or.id\/opini\/cendekiawan-muslim-antara-teori-dan-tindakan-praksis-tre45\" target=\"_blank\" rel=\"noreferrer noopener\">cendekiawan<\/a> Muslim, Syekh Wahbah az-Zuhaili, \u201cSetiap tindakan kekerasan, agresi, atau kejahatan yang tidak memiliki pengesahan secara syar\u2019i\u201d (Qadh\u00e2y\u00e2l-Fiqh al-Mu\u00e2shir hal. 398)<\/p>\n\n\n\n<p>Dalam definisi tersebut Syekh Wahbah az-Zuhaili lebih menekankan jika tindakan yang diambil tidak memiliki pengesahan dari syariat maka dialah yang tervonis ekstrim. Kesimpulannya, jika kita melihat kasus Austria di atas seharusnya yang divonis sebagai kelompok radikal adalah mereka yang melarang para Muslimah mengenakan jilbab karena merekalah yang melakukan kejahatan tanpa adanya legalitas dari syariat. Wall\u00e2hua\u2019lam.<\/p>\n\n\n\n<p class=\"has-text-align-right\"><strong>Abd. Muid<\/strong>\/sidogiri<\/p>\n","protected":false},"excerpt":{"rendered":"<p>moderat dan radikal<\/p>\n","protected":false},"author":1,"featured_media":5206,"comment_status":"open","ping_status":"open","sticky":true,"template":"","format":"standard","meta":{"_jetpack_newsletter_access":"","_jetpack_dont_email_post_to_subs":false,"_jetpack_newsletter_tier_id":0,"_jetpack_memberships_contains_paywalled_content":false,"_jetpack_memberships_contains_paid_content":false,"footnotes":""},"categories":[7,10],"tags":[2096,2095,2641,2098],"class_list":{"0":"post-5146","1":"post","2":"type-post","3":"status-publish","4":"format-standard","5":"has-post-thumbnail","7":"category-kajian","8":"category-kolom-akidah","9":"tag-majalah-pesantren","10":"tag-majalah-sidogiri","11":"tag-moderat-dan-radikal","12":"tag-sidogirimedia-com"},"yoast_head":"<!-- This site is optimized with the Yoast SEO Premium plugin v23.2 (Yoast SEO v26.6) - https:\/\/yoast.com\/wordpress\/plugins\/seo\/ -->\n<title>SIAPAKAH MODERAT DAN RADIKAL ITU (?) - Sidogiri Media Online<\/title>\n<meta name=\"description\" content=\"moderat dan radikal, seperti kasus larangan memakai niqab atau cadar bagi Muslimah Austria oleh pemerintah setempat yang terjadi beberapa bulan lalu.\" \/>\n<meta name=\"robots\" content=\"index, follow, max-snippet:-1, max-image-preview:large, max-video-preview:-1\" \/>\n<link rel=\"canonical\" href=\"https:\/\/sidogirimedia.com\/new\/siapakah-moderat-dan-radikal-itu\/\" \/>\n<meta property=\"og:locale\" content=\"id_ID\" \/>\n<meta property=\"og:type\" content=\"article\" \/>\n<meta property=\"og:title\" content=\"SIAPAKAH MODERAT DAN RADIKAL ITU (?)\" \/>\n<meta property=\"og:description\" content=\"moderat dan radikal, seperti kasus larangan memakai niqab atau cadar bagi Muslimah Austria oleh pemerintah setempat yang terjadi beberapa bulan lalu.\" \/>\n<meta property=\"og:url\" content=\"https:\/\/sidogirimedia.com\/new\/siapakah-moderat-dan-radikal-itu\/\" \/>\n<meta property=\"og:site_name\" content=\"Sidogiri Media Online\" \/>\n<meta property=\"article:publisher\" content=\"https:\/\/www.facebook.com\/sidogirimedia\/\" \/>\n<meta property=\"article:published_time\" content=\"2022-09-02T02:00:00+00:00\" \/>\n<meta property=\"article:modified_time\" content=\"2022-09-02T06:30:02+00:00\" \/>\n<meta property=\"og:image\" content=\"https:\/\/i0.wp.com\/sidogirimedia.com\/wp-content\/uploads\/2022\/09\/imgonline-com-ua-compressed-mdUI4jRcLSKY.jpg?fit=930%2C682&ssl=1\" \/>\n\t<meta property=\"og:image:width\" content=\"930\" \/>\n\t<meta property=\"og:image:height\" content=\"682\" \/>\n\t<meta property=\"og:image:type\" content=\"image\/jpeg\" \/>\n<meta name=\"author\" content=\"Redaksi\" \/>\n<meta name=\"twitter:card\" content=\"summary_large_image\" \/>\n<meta name=\"twitter:creator\" content=\"@sidogirimedia\" \/>\n<meta name=\"twitter:site\" content=\"@sidogirimedia\" \/>\n<meta name=\"twitter:label1\" content=\"Ditulis oleh\" \/>\n\t<meta name=\"twitter:data1\" content=\"Redaksi\" \/>\n\t<meta name=\"twitter:label2\" content=\"Estimasi waktu membaca\" \/>\n\t<meta name=\"twitter:data2\" content=\"3 menit\" \/>\n<script type=\"application\/ld+json\" class=\"yoast-schema-graph\">{\"@context\":\"https:\/\/schema.org\",\"@graph\":[{\"@type\":\"Article\",\"@id\":\"https:\/\/sidogirimedia.com\/new\/siapakah-moderat-dan-radikal-itu\/#article\",\"isPartOf\":{\"@id\":\"https:\/\/sidogirimedia.com\/new\/siapakah-moderat-dan-radikal-itu\/\"},\"author\":{\"name\":\"Redaksi\",\"@id\":\"https:\/\/sidogirimedia.com\/new\/#\/schema\/person\/55dcd72ffc456d4a5ff0d2f50fe7fc46\"},\"headline\":\"SIAPAKAH MODERAT DAN RADIKAL ITU (?)\",\"datePublished\":\"2022-09-02T02:00:00+00:00\",\"dateModified\":\"2022-09-02T06:30:02+00:00\",\"mainEntityOfPage\":{\"@id\":\"https:\/\/sidogirimedia.com\/new\/siapakah-moderat-dan-radikal-itu\/\"},\"wordCount\":528,\"commentCount\":0,\"publisher\":{\"@id\":\"https:\/\/sidogirimedia.com\/new\/#organization\"},\"image\":{\"@id\":\"https:\/\/sidogirimedia.com\/new\/siapakah-moderat-dan-radikal-itu\/#primaryimage\"},\"thumbnailUrl\":\"https:\/\/i0.wp.com\/sidogirimedia.com\/new\/wp-content\/uploads\/2022\/09\/imgonline-com-ua-compressed-mdUI4jRcLSKY.jpg?fit=930%2C682&ssl=1\",\"keywords\":[\"Majalah Pesantren\",\"Majalah sidogiri\",\"Moderat Dan Radikal\",\"Sidogirimedia.com\"],\"articleSection\":[\"Kajian\",\"Kolom Akidah\"],\"inLanguage\":\"id\",\"potentialAction\":[{\"@type\":\"CommentAction\",\"name\":\"Comment\",\"target\":[\"https:\/\/sidogirimedia.com\/new\/siapakah-moderat-dan-radikal-itu\/#respond\"]}]},{\"@type\":\"WebPage\",\"@id\":\"https:\/\/sidogirimedia.com\/new\/siapakah-moderat-dan-radikal-itu\/\",\"url\":\"https:\/\/sidogirimedia.com\/new\/siapakah-moderat-dan-radikal-itu\/\",\"name\":\"SIAPAKAH MODERAT DAN RADIKAL ITU (?) - Sidogiri Media Online\",\"isPartOf\":{\"@id\":\"https:\/\/sidogirimedia.com\/new\/#website\"},\"primaryImageOfPage\":{\"@id\":\"https:\/\/sidogirimedia.com\/new\/siapakah-moderat-dan-radikal-itu\/#primaryimage\"},\"image\":{\"@id\":\"https:\/\/sidogirimedia.com\/new\/siapakah-moderat-dan-radikal-itu\/#primaryimage\"},\"thumbnailUrl\":\"https:\/\/i0.wp.com\/sidogirimedia.com\/new\/wp-content\/uploads\/2022\/09\/imgonline-com-ua-compressed-mdUI4jRcLSKY.jpg?fit=930%2C682&ssl=1\",\"datePublished\":\"2022-09-02T02:00:00+00:00\",\"dateModified\":\"2022-09-02T06:30:02+00:00\",\"description\":\"moderat dan radikal, seperti kasus larangan memakai niqab atau cadar bagi Muslimah Austria oleh pemerintah setempat yang terjadi beberapa bulan lalu.\",\"breadcrumb\":{\"@id\":\"https:\/\/sidogirimedia.com\/new\/siapakah-moderat-dan-radikal-itu\/#breadcrumb\"},\"inLanguage\":\"id\",\"potentialAction\":[{\"@type\":\"ReadAction\",\"target\":[\"https:\/\/sidogirimedia.com\/new\/siapakah-moderat-dan-radikal-itu\/\"]}]},{\"@type\":\"ImageObject\",\"inLanguage\":\"id\",\"@id\":\"https:\/\/sidogirimedia.com\/new\/siapakah-moderat-dan-radikal-itu\/#primaryimage\",\"url\":\"https:\/\/i0.wp.com\/sidogirimedia.com\/new\/wp-content\/uploads\/2022\/09\/imgonline-com-ua-compressed-mdUI4jRcLSKY.jpg?fit=930%2C682&ssl=1\",\"contentUrl\":\"https:\/\/i0.wp.com\/sidogirimedia.com\/new\/wp-content\/uploads\/2022\/09\/imgonline-com-ua-compressed-mdUI4jRcLSKY.jpg?fit=930%2C682&ssl=1\",\"width\":930,\"height\":682,\"caption\":\"SIAPAKAH MODERAT DAN RADIKAL ITU (?)\"},{\"@type\":\"BreadcrumbList\",\"@id\":\"https:\/\/sidogirimedia.com\/new\/siapakah-moderat-dan-radikal-itu\/#breadcrumb\",\"itemListElement\":[{\"@type\":\"ListItem\",\"position\":1,\"name\":\"Home\",\"item\":\"https:\/\/sidogirimedia.com\/new\/\"},{\"@type\":\"ListItem\",\"position\":2,\"name\":\"Kajian\",\"item\":\"https:\/\/sidogirimedia.com\/new\/category\/kajian\/\"},{\"@type\":\"ListItem\",\"position\":3,\"name\":\"Kolom Akidah\",\"item\":\"https:\/\/sidogirimedia.com\/new\/category\/kajian\/kolom-akidah\/\"},{\"@type\":\"ListItem\",\"position\":4,\"name\":\"SIAPAKAH MODERAT DAN RADIKAL ITU (?)\"}]},{\"@type\":\"WebSite\",\"@id\":\"https:\/\/sidogirimedia.com\/new\/#website\",\"url\":\"https:\/\/sidogirimedia.com\/new\/\",\"name\":\"Sidogiri Media Online\",\"description\":\"Aktual Salaf\",\"publisher\":{\"@id\":\"https:\/\/sidogirimedia.com\/new\/#organization\"},\"potentialAction\":[{\"@type\":\"SearchAction\",\"target\":{\"@type\":\"EntryPoint\",\"urlTemplate\":\"https:\/\/sidogirimedia.com\/new\/?s={search_term_string}\"},\"query-input\":{\"@type\":\"PropertyValueSpecification\",\"valueRequired\":true,\"valueName\":\"search_term_string\"}}],\"inLanguage\":\"id\"},{\"@type\":\"Organization\",\"@id\":\"https:\/\/sidogirimedia.com\/new\/#organization\",\"name\":\"Sidogiri Media\",\"url\":\"https:\/\/sidogirimedia.com\/new\/\",\"logo\":{\"@type\":\"ImageObject\",\"inLanguage\":\"id\",\"@id\":\"https:\/\/sidogirimedia.com\/new\/#\/schema\/logo\/image\/\",\"url\":\"https:\/\/i0.wp.com\/sidogirimedia.com\/wp-content\/uploads\/2020\/02\/Logo-Sidmed.png?fit=2940%2C690&ssl=1\",\"contentUrl\":\"https:\/\/i0.wp.com\/sidogirimedia.com\/wp-content\/uploads\/2020\/02\/Logo-Sidmed.png?fit=2940%2C690&ssl=1\",\"width\":2940,\"height\":690,\"caption\":\"Sidogiri Media\"},\"image\":{\"@id\":\"https:\/\/sidogirimedia.com\/new\/#\/schema\/logo\/image\/\"},\"sameAs\":[\"https:\/\/www.facebook.com\/sidogirimedia\/\",\"https:\/\/x.com\/sidogirimedia\"]},{\"@type\":\"Person\",\"@id\":\"https:\/\/sidogirimedia.com\/new\/#\/schema\/person\/55dcd72ffc456d4a5ff0d2f50fe7fc46\",\"name\":\"Redaksi\",\"image\":{\"@type\":\"ImageObject\",\"inLanguage\":\"id\",\"@id\":\"https:\/\/sidogirimedia.com\/new\/#\/schema\/person\/image\/\",\"url\":\"https:\/\/secure.gravatar.com\/avatar\/30d160d2f97f8e98c4f6d9b67e6b7a08?s=96&d=mm&r=g\",\"contentUrl\":\"https:\/\/secure.gravatar.com\/avatar\/30d160d2f97f8e98c4f6d9b67e6b7a08?s=96&d=mm&r=g\",\"caption\":\"Redaksi\"},\"sameAs\":[\"http:\/\/Sidogirimedia.com\"],\"url\":\"https:\/\/sidogirimedia.com\/new\/author\/4dmin\/\"}]}<\/script>\n<!-- \/ Yoast SEO Premium plugin. -->","yoast_head_json":{"title":"SIAPAKAH MODERAT DAN RADIKAL ITU (?) - Sidogiri Media Online","description":"moderat dan radikal, seperti kasus larangan memakai niqab atau cadar bagi Muslimah Austria oleh pemerintah setempat yang terjadi beberapa bulan lalu.","robots":{"index":"index","follow":"follow","max-snippet":"max-snippet:-1","max-image-preview":"max-image-preview:large","max-video-preview":"max-video-preview:-1"},"canonical":"https:\/\/sidogirimedia.com\/new\/siapakah-moderat-dan-radikal-itu\/","og_locale":"id_ID","og_type":"article","og_title":"SIAPAKAH MODERAT DAN RADIKAL ITU (?)","og_description":"moderat dan radikal, seperti kasus larangan memakai niqab atau cadar bagi Muslimah Austria oleh pemerintah setempat yang terjadi beberapa bulan lalu.","og_url":"https:\/\/sidogirimedia.com\/new\/siapakah-moderat-dan-radikal-itu\/","og_site_name":"Sidogiri Media Online","article_publisher":"https:\/\/www.facebook.com\/sidogirimedia\/","article_published_time":"2022-09-02T02:00:00+00:00","article_modified_time":"2022-09-02T06:30:02+00:00","og_image":[{"width":930,"height":682,"url":"https:\/\/i0.wp.com\/sidogirimedia.com\/wp-content\/uploads\/2022\/09\/imgonline-com-ua-compressed-mdUI4jRcLSKY.jpg?fit=930%2C682&ssl=1","type":"image\/jpeg"}],"author":"Redaksi","twitter_card":"summary_large_image","twitter_creator":"@sidogirimedia","twitter_site":"@sidogirimedia","twitter_misc":{"Ditulis oleh":"Redaksi","Estimasi waktu membaca":"3 menit"},"schema":{"@context":"https:\/\/schema.org","@graph":[{"@type":"Article","@id":"https:\/\/sidogirimedia.com\/new\/siapakah-moderat-dan-radikal-itu\/#article","isPartOf":{"@id":"https:\/\/sidogirimedia.com\/new\/siapakah-moderat-dan-radikal-itu\/"},"author":{"name":"Redaksi","@id":"https:\/\/sidogirimedia.com\/new\/#\/schema\/person\/55dcd72ffc456d4a5ff0d2f50fe7fc46"},"headline":"SIAPAKAH MODERAT DAN RADIKAL ITU (?)","datePublished":"2022-09-02T02:00:00+00:00","dateModified":"2022-09-02T06:30:02+00:00","mainEntityOfPage":{"@id":"https:\/\/sidogirimedia.com\/new\/siapakah-moderat-dan-radikal-itu\/"},"wordCount":528,"commentCount":0,"publisher":{"@id":"https:\/\/sidogirimedia.com\/new\/#organization"},"image":{"@id":"https:\/\/sidogirimedia.com\/new\/siapakah-moderat-dan-radikal-itu\/#primaryimage"},"thumbnailUrl":"https:\/\/i0.wp.com\/sidogirimedia.com\/new\/wp-content\/uploads\/2022\/09\/imgonline-com-ua-compressed-mdUI4jRcLSKY.jpg?fit=930%2C682&ssl=1","keywords":["Majalah Pesantren","Majalah sidogiri","Moderat Dan Radikal","Sidogirimedia.com"],"articleSection":["Kajian","Kolom Akidah"],"inLanguage":"id","potentialAction":[{"@type":"CommentAction","name":"Comment","target":["https:\/\/sidogirimedia.com\/new\/siapakah-moderat-dan-radikal-itu\/#respond"]}]},{"@type":"WebPage","@id":"https:\/\/sidogirimedia.com\/new\/siapakah-moderat-dan-radikal-itu\/","url":"https:\/\/sidogirimedia.com\/new\/siapakah-moderat-dan-radikal-itu\/","name":"SIAPAKAH MODERAT DAN RADIKAL ITU (?) - Sidogiri Media Online","isPartOf":{"@id":"https:\/\/sidogirimedia.com\/new\/#website"},"primaryImageOfPage":{"@id":"https:\/\/sidogirimedia.com\/new\/siapakah-moderat-dan-radikal-itu\/#primaryimage"},"image":{"@id":"https:\/\/sidogirimedia.com\/new\/siapakah-moderat-dan-radikal-itu\/#primaryimage"},"thumbnailUrl":"https:\/\/i0.wp.com\/sidogirimedia.com\/new\/wp-content\/uploads\/2022\/09\/imgonline-com-ua-compressed-mdUI4jRcLSKY.jpg?fit=930%2C682&ssl=1","datePublished":"2022-09-02T02:00:00+00:00","dateModified":"2022-09-02T06:30:02+00:00","description":"moderat dan radikal, seperti kasus larangan memakai niqab atau cadar bagi Muslimah Austria oleh pemerintah setempat yang terjadi beberapa bulan lalu.","breadcrumb":{"@id":"https:\/\/sidogirimedia.com\/new\/siapakah-moderat-dan-radikal-itu\/#breadcrumb"},"inLanguage":"id","potentialAction":[{"@type":"ReadAction","target":["https:\/\/sidogirimedia.com\/new\/siapakah-moderat-dan-radikal-itu\/"]}]},{"@type":"ImageObject","inLanguage":"id","@id":"https:\/\/sidogirimedia.com\/new\/siapakah-moderat-dan-radikal-itu\/#primaryimage","url":"https:\/\/i0.wp.com\/sidogirimedia.com\/new\/wp-content\/uploads\/2022\/09\/imgonline-com-ua-compressed-mdUI4jRcLSKY.jpg?fit=930%2C682&ssl=1","contentUrl":"https:\/\/i0.wp.com\/sidogirimedia.com\/new\/wp-content\/uploads\/2022\/09\/imgonline-com-ua-compressed-mdUI4jRcLSKY.jpg?fit=930%2C682&ssl=1","width":930,"height":682,"caption":"SIAPAKAH MODERAT DAN RADIKAL ITU (?)"},{"@type":"BreadcrumbList","@id":"https:\/\/sidogirimedia.com\/new\/siapakah-moderat-dan-radikal-itu\/#breadcrumb","itemListElement":[{"@type":"ListItem","position":1,"name":"Home","item":"https:\/\/sidogirimedia.com\/new\/"},{"@type":"ListItem","position":2,"name":"Kajian","item":"https:\/\/sidogirimedia.com\/new\/category\/kajian\/"},{"@type":"ListItem","position":3,"name":"Kolom Akidah","item":"https:\/\/sidogirimedia.com\/new\/category\/kajian\/kolom-akidah\/"},{"@type":"ListItem","position":4,"name":"SIAPAKAH MODERAT DAN RADIKAL ITU (?)"}]},{"@type":"WebSite","@id":"https:\/\/sidogirimedia.com\/new\/#website","url":"https:\/\/sidogirimedia.com\/new\/","name":"Sidogiri Media Online","description":"Aktual Salaf","publisher":{"@id":"https:\/\/sidogirimedia.com\/new\/#organization"},"potentialAction":[{"@type":"SearchAction","target":{"@type":"EntryPoint","urlTemplate":"https:\/\/sidogirimedia.com\/new\/?s={search_term_string}"},"query-input":{"@type":"PropertyValueSpecification","valueRequired":true,"valueName":"search_term_string"}}],"inLanguage":"id"},{"@type":"Organization","@id":"https:\/\/sidogirimedia.com\/new\/#organization","name":"Sidogiri Media","url":"https:\/\/sidogirimedia.com\/new\/","logo":{"@type":"ImageObject","inLanguage":"id","@id":"https:\/\/sidogirimedia.com\/new\/#\/schema\/logo\/image\/","url":"https:\/\/i0.wp.com\/sidogirimedia.com\/wp-content\/uploads\/2020\/02\/Logo-Sidmed.png?fit=2940%2C690&ssl=1","contentUrl":"https:\/\/i0.wp.com\/sidogirimedia.com\/wp-content\/uploads\/2020\/02\/Logo-Sidmed.png?fit=2940%2C690&ssl=1","width":2940,"height":690,"caption":"Sidogiri Media"},"image":{"@id":"https:\/\/sidogirimedia.com\/new\/#\/schema\/logo\/image\/"},"sameAs":["https:\/\/www.facebook.com\/sidogirimedia\/","https:\/\/x.com\/sidogirimedia"]},{"@type":"Person","@id":"https:\/\/sidogirimedia.com\/new\/#\/schema\/person\/55dcd72ffc456d4a5ff0d2f50fe7fc46","name":"Redaksi","image":{"@type":"ImageObject","inLanguage":"id","@id":"https:\/\/sidogirimedia.com\/new\/#\/schema\/person\/image\/","url":"https:\/\/secure.gravatar.com\/avatar\/30d160d2f97f8e98c4f6d9b67e6b7a08?s=96&d=mm&r=g","contentUrl":"https:\/\/secure.gravatar.com\/avatar\/30d160d2f97f8e98c4f6d9b67e6b7a08?s=96&d=mm&r=g","caption":"Redaksi"},"sameAs":["http:\/\/Sidogirimedia.com"],"url":"https:\/\/sidogirimedia.com\/new\/author\/4dmin\/"}]}},"jetpack_featured_media_url":"https:\/\/i0.wp.com\/sidogirimedia.com\/new\/wp-content\/uploads\/2022\/09\/imgonline-com-ua-compressed-mdUI4jRcLSKY.jpg?fit=930%2C682&ssl=1","jetpack_likes_enabled":true,"jetpack-related-posts":[],"jetpack_sharing_enabled":true,"_links":{"self":[{"href":"https:\/\/sidogirimedia.com\/new\/wp-json\/wp\/v2\/posts\/5146","targetHints":{"allow":["GET"]}}],"collection":[{"href":"https:\/\/sidogirimedia.com\/new\/wp-json\/wp\/v2\/posts"}],"about":[{"href":"https:\/\/sidogirimedia.com\/new\/wp-json\/wp\/v2\/types\/post"}],"author":[{"embeddable":true,"href":"https:\/\/sidogirimedia.com\/new\/wp-json\/wp\/v2\/users\/1"}],"replies":[{"embeddable":true,"href":"https:\/\/sidogirimedia.com\/new\/wp-json\/wp\/v2\/comments?post=5146"}],"version-history":[{"count":3,"href":"https:\/\/sidogirimedia.com\/new\/wp-json\/wp\/v2\/posts\/5146\/revisions"}],"predecessor-version":[{"id":5204,"href":"https:\/\/sidogirimedia.com\/new\/wp-json\/wp\/v2\/posts\/5146\/revisions\/5204"}],"wp:featuredmedia":[{"embeddable":true,"href":"https:\/\/sidogirimedia.com\/new\/wp-json\/wp\/v2\/media\/5206"}],"wp:attachment":[{"href":"https:\/\/sidogirimedia.com\/new\/wp-json\/wp\/v2\/media?parent=5146"}],"wp:term":[{"taxonomy":"category","embeddable":true,"href":"https:\/\/sidogirimedia.com\/new\/wp-json\/wp\/v2\/categories?post=5146"},{"taxonomy":"post_tag","embeddable":true,"href":"https:\/\/sidogirimedia.com\/new\/wp-json\/wp\/v2\/tags?post=5146"}],"curies":[{"name":"wp","href":"https:\/\/api.w.org\/{rel}","templated":true}]}}